{"id":5062,"date":"2025-09-14T19:59:15","date_gmt":"2025-09-14T17:59:15","guid":{"rendered":"https:\/\/totreforma.cat\/?p=5062"},"modified":"2025-09-14T19:59:15","modified_gmt":"2025-09-14T17:59:15","slug":"tendencias-en-interiorismo-2025","status":"publish","type":"post","link":"https:\/\/totreforma.cat\/es\/tendencias-en-interiorismo-2025\/","title":{"rendered":"Tendencias en interiorismo 2025"},"content":{"rendered":"<h1><b>Tendencias en interiorismo 2025<\/b><\/h1>\n<h3><b>Colores, materiales y estilos que transformar\u00e1n tu hogar<\/b><\/h3>\n<p><span style=\"font-weight: 400;\">El mundo del interiorismo nunca se detiene. Cada a\u00f1o aparecen nuevas formas de entender los espacios y en 2025 veremos un giro muy interesante hacia lo <\/span><b>natural, lo sostenible y lo tecnol\u00f3gico<\/b><span style=\"font-weight: 400;\">, siempre buscando la calidez y la funcionalidad. La clave ya no es solo decorar, sino crear ambientes que hagan la vida m\u00e1s c\u00f3moda y, al mismo tiempo, transmitan personalidad.<\/span><\/p>\n<h2><b>Los colores que marcar\u00e1n la diferencia<\/b><\/h2>\n<p><span style=\"font-weight: 400;\">En 2025 la paleta de colores se inspira en la naturaleza, pero con un toque renovado:<\/span><\/p>\n<ul>\n<li style=\"font-weight: 400;\" aria-level=\"1\"><b>Tonos tierra actualizados<\/b><span style=\"font-weight: 400;\">: beiges, arenas y arcillas modernas que generan calma y conexi\u00f3n.<\/span><span style=\"font-weight: 400;\">\n<p><\/span><\/li>\n<li style=\"font-weight: 400;\" aria-level=\"1\"><b>Verdes profundos y naturales<\/b><span style=\"font-weight: 400;\">: del musgo al oliva, perfectos para transmitir frescura.<\/span><span style=\"font-weight: 400;\">\n<p><\/span><\/li>\n<li style=\"font-weight: 400;\" aria-level=\"1\"><b>Azules intensos<\/b><span style=\"font-weight: 400;\">: un recurso para dar car\u00e1cter a salones o dormitorios.<\/span><span style=\"font-weight: 400;\">\n<p><\/span><\/li>\n<li style=\"font-weight: 400;\" aria-level=\"1\"><b>Acentos vibrantes<\/b><span style=\"font-weight: 400;\">: mostaza, coral o terracota, usados en peque\u00f1os detalles para revitalizar un ambiente.<\/span><span style=\"font-weight: 400;\">\n<p><\/span><\/li>\n<\/ul>\n<p><span style=\"font-weight: 400;\">\ud83d\udca1 <\/span><i><span style=\"font-weight: 400;\">Consejo:<\/span><\/i><span style=\"font-weight: 400;\"> la combinaci\u00f3n ganadora es una base neutra con pinceladas de color en textiles, tapicer\u00edas o accesorios decorativos.<\/span><\/p>\n<h2><b>Materiales que se imponen<\/b><\/h2>\n<p><span style=\"font-weight: 400;\">La sostenibilidad y la autenticidad son protagonistas en la elecci\u00f3n de materiales.<\/span><\/p>\n<ul>\n<li style=\"font-weight: 400;\" aria-level=\"1\"><b>Madera natural y reciclada<\/b><span style=\"font-weight: 400;\">, que aporta calidez y respeta el medio ambiente.<\/span><span style=\"font-weight: 400;\">\n<p><\/span><\/li>\n<li style=\"font-weight: 400;\" aria-level=\"1\"><b>Piedras y m\u00e1rmoles con vetas marcadas<\/b><span style=\"font-weight: 400;\">, un toque sofisticado y atemporal.<\/span><span style=\"font-weight: 400;\">\n<p><\/span><\/li>\n<li style=\"font-weight: 400;\" aria-level=\"1\"><b>Cer\u00e1micas artesanales<\/b><span style=\"font-weight: 400;\">, con texturas \u00fanicas que convierten ba\u00f1os y cocinas en espacios singulares.<\/span><span style=\"font-weight: 400;\">\n<p><\/span><\/li>\n<li style=\"font-weight: 400;\" aria-level=\"1\"><b>Textiles org\u00e1nicos<\/b><span style=\"font-weight: 400;\">, como lino o algod\u00f3n reciclado, que aportan confort y coherencia est\u00e9tica.<\/span><span style=\"font-weight: 400;\">\n<p><\/span><\/li>\n<\/ul>\n<p><span style=\"font-weight: 400;\">\ud83d\udca1 <\/span><i><span style=\"font-weight: 400;\">Consejo:<\/span><\/i><span style=\"font-weight: 400;\"> jugar con las texturas es la mejor manera de conseguir un dise\u00f1o din\u00e1mico sin recargar el espacio.<\/span><\/p>\n<h2><b>Estilos que triunfar\u00e1n en 2025<\/b><\/h2>\n<p><span style=\"font-weight: 400;\">M\u00e1s all\u00e1 de los materiales y colores, los estilos de este a\u00f1o apuestan por la fusi\u00f3n y la funcionalidad.<\/span><\/p>\n<ul>\n<li style=\"font-weight: 400;\" aria-level=\"1\"><b>Minimalismo c\u00e1lido<\/b><span style=\"font-weight: 400;\">: espacios despejados pero llenos de vida gracias a la luz y los detalles.<\/span><span style=\"font-weight: 400;\">\n<p><\/span><\/li>\n<li style=\"font-weight: 400;\" aria-level=\"1\"><b>Japandi renovado<\/b><span style=\"font-weight: 400;\">: la mezcla de lo n\u00f3rdico y lo japon\u00e9s sigue en auge, pero ahora con m\u00e1s color y texturas.<\/span><span style=\"font-weight: 400;\">\n<p><\/span><\/li>\n<li style=\"font-weight: 400;\" aria-level=\"1\"><b>Mediterr\u00e1neo moderno<\/b><span style=\"font-weight: 400;\">: blanco luminoso, fibras vegetales y toques de azul que evocan frescura y relax.<\/span><span style=\"font-weight: 400;\">\n<p><\/span><\/li>\n<li style=\"font-weight: 400;\" aria-level=\"1\"><b>Smart living<\/b><span style=\"font-weight: 400;\">: tecnolog\u00eda integrada de forma invisible para ganar en comodidad y eficiencia energ\u00e9tica.<\/span><span style=\"font-weight: 400;\">\n<p><\/span><\/li>\n<\/ul>\n<p><span style=\"font-weight: 400;\">\ud83d\udca1 <\/span><i><span style=\"font-weight: 400;\">Consejo:<\/span><\/i><span style=\"font-weight: 400;\"> no se trata de seguir un estilo al pie de la letra, sino de adaptar sus claves a tu forma de vivir.<\/span><\/p>\n<p><span style=\"font-weight: 400;\">El interiorismo de 2025 nos invita a <\/span><b>volver a lo natural, apostar por lo sostenible y aprovechar la innovaci\u00f3n tecnol\u00f3gica<\/b><span style=\"font-weight: 400;\"> para crear espacios con alma. Si est\u00e1s pensando en reformar tu hogar, este es el momento perfecto para integrar estas tendencias y transformar cada rinc\u00f3n en un lugar \u00fanico.<\/span><\/p>\n<p><span style=\"font-weight: 400;\">Porque al final, la mejor tendencia es aquella que hace que tu casa hable de ti.<\/span><\/p>\n","protected":false},"excerpt":{"rendered":"<p>Tendencias en interiorismo 2025 Colores, materiales y estilos que transformar\u00e1n tu hogar El mundo del interiorismo nunca se detiene. Cada a\u00f1o aparecen nuevas formas de entender los espacios y en 2025 veremos un giro muy interesante hacia lo natural, lo sostenible y lo tecnol\u00f3gico, siempre buscando la calidez y la funcionalidad. La clave ya no [&hellip;]<\/p>\n","protected":false},"author":6,"featured_media":5063,"comment_status":"open","ping_status":"closed","sticky":false,"template":"","format":"standard","meta":{"_monsterinsights_skip_tracking":false,"_monsterinsights_sitenote_active":false,"_monsterinsights_sitenote_note":"","_monsterinsights_sitenote_category":0,"footnotes":""},"categories":[45],"tags":[158],"class_list":["post-5062","post","type-post","status-publish","format-standard","has-post-thumbnail","hentry","category-sin-categorizar","tag-consejos"],"yoast_head":"<!-- This site is optimized with the Yoast SEO plugin v24.6 - https:\/\/yoast.com\/wordpress\/plugins\/seo\/ -->\n<title>Tendencias en interiorismo 2025 - Tot Reforma<\/title>\n<meta name=\"description\" content=\"Tendencias en interiorismo 2025 - Tot Reforma Tendencias en interiorismo 2025. Colores, materiales y estilos que transformar\u00e1n tu hogar.\" \/>\n<meta name=\"robots\" content=\"index, follow, max-snippet:-1, max-image-preview:large, max-video-preview:-1\" \/>\n<link rel=\"canonical\" href=\"https:\/\/totreforma.cat\/es\/tendencias-en-interiorismo-2025\/\" \/>\n<meta property=\"og:locale\" content=\"es_ES\" \/>\n<meta property=\"og:type\" content=\"article\" \/>\n<meta property=\"og:title\" content=\"Tendencias en interiorismo 2025 - Tot Reforma\" \/>\n<meta property=\"og:description\" content=\"Tendencias en interiorismo 2025 - Tot Reforma Tendencias en interiorismo 2025. Colores, materiales y estilos que transformar\u00e1n tu hogar.\" \/>\n<meta property=\"og:url\" content=\"https:\/\/totreforma.cat\/es\/tendencias-en-interiorismo-2025\/\" \/>\n<meta property=\"og:site_name\" content=\"Tot Reforma\" \/>\n<meta property=\"article:published_time\" content=\"2025-09-14T17:59:15+00:00\" \/>\n<meta property=\"og:image\" content=\"https:\/\/totreforma.cat\/wp-content\/uploads\/2025\/09\/ChatGPT-Image-14-sept-2025-19_58_30-1024x683.png\" \/>\n\t<meta property=\"og:image:width\" content=\"1024\" \/>\n\t<meta property=\"og:image:height\" content=\"683\" \/>\n\t<meta property=\"og:image:type\" content=\"image\/png\" \/>\n<meta name=\"author\" content=\"Tot Reforma\" \/>\n<meta name=\"twitter:card\" content=\"summary_large_image\" \/>\n<meta name=\"twitter:label1\" content=\"Escrito por\" \/>\n\t<meta name=\"twitter:data1\" content=\"Tot Reforma\" \/>\n\t<meta name=\"twitter:label2\" content=\"Tiempo de lectura\" \/>\n\t<meta name=\"twitter:data2\" content=\"3 minutos\" \/>\n<script type=\"application\/ld+json\" class=\"yoast-schema-graph\">{\"@context\":\"https:\/\/schema.org\",\"@graph\":[{\"@type\":\"WebPage\",\"@id\":\"https:\/\/totreforma.cat\/es\/tendencias-en-interiorismo-2025\/\",\"url\":\"https:\/\/totreforma.cat\/es\/tendencias-en-interiorismo-2025\/\",\"name\":\"Tendencias en interiorismo 2025 - Tot Reforma\",\"isPartOf\":{\"@id\":\"https:\/\/totreforma.cat\/#website\"},\"primaryImageOfPage\":{\"@id\":\"https:\/\/totreforma.cat\/es\/tendencias-en-interiorismo-2025\/#primaryimage\"},\"image\":{\"@id\":\"https:\/\/totreforma.cat\/es\/tendencias-en-interiorismo-2025\/#primaryimage\"},\"thumbnailUrl\":\"https:\/\/totreforma.cat\/wp-content\/uploads\/2025\/09\/ChatGPT-Image-14-sept-2025-19_58_30.png\",\"datePublished\":\"2025-09-14T17:59:15+00:00\",\"author\":{\"@id\":\"https:\/\/totreforma.cat\/#\/schema\/person\/33c439a64a923575f902cae36e275f90\"},\"description\":\"Tendencias en interiorismo 2025 - Tot Reforma Tendencias en interiorismo 2025. Colores, materiales y estilos que transformar\u00e1n tu hogar.\",\"breadcrumb\":{\"@id\":\"https:\/\/totreforma.cat\/es\/tendencias-en-interiorismo-2025\/#breadcrumb\"},\"inLanguage\":\"es\",\"potentialAction\":[{\"@type\":\"ReadAction\",\"target\":[\"https:\/\/totreforma.cat\/es\/tendencias-en-interiorismo-2025\/\"]}]},{\"@type\":\"ImageObject\",\"inLanguage\":\"es\",\"@id\":\"https:\/\/totreforma.cat\/es\/tendencias-en-interiorismo-2025\/#primaryimage\",\"url\":\"https:\/\/totreforma.cat\/wp-content\/uploads\/2025\/09\/ChatGPT-Image-14-sept-2025-19_58_30.png\",\"contentUrl\":\"https:\/\/totreforma.cat\/wp-content\/uploads\/2025\/09\/ChatGPT-Image-14-sept-2025-19_58_30.png\",\"width\":1536,\"height\":1024},{\"@type\":\"BreadcrumbList\",\"@id\":\"https:\/\/totreforma.cat\/es\/tendencias-en-interiorismo-2025\/#breadcrumb\",\"itemListElement\":[{\"@type\":\"ListItem\",\"position\":1,\"name\":\"Portada\",\"item\":\"https:\/\/totreforma.cat\/es\/\"},{\"@type\":\"ListItem\",\"position\":2,\"name\":\"Tendencias en interiorismo 2025\"}]},{\"@type\":\"WebSite\",\"@id\":\"https:\/\/totreforma.cat\/#website\",\"url\":\"https:\/\/totreforma.cat\/\",\"name\":\"Tot Reforma\",\"description\":\"Reformes de la llar Esparreguera\",\"potentialAction\":[{\"@type\":\"SearchAction\",\"target\":{\"@type\":\"EntryPoint\",\"urlTemplate\":\"https:\/\/totreforma.cat\/?s={search_term_string}\"},\"query-input\":{\"@type\":\"PropertyValueSpecification\",\"valueRequired\":true,\"valueName\":\"search_term_string\"}}],\"inLanguage\":\"es\"},{\"@type\":\"Person\",\"@id\":\"https:\/\/totreforma.cat\/#\/schema\/person\/33c439a64a923575f902cae36e275f90\",\"name\":\"Tot Reforma\"}]}<\/script>\n<!-- \/ Yoast SEO plugin. -->","yoast_head_json":{"title":"Tendencias en interiorismo 2025 - Tot Reforma","description":"Tendencias en interiorismo 2025 - Tot Reforma Tendencias en interiorismo 2025. Colores, materiales y estilos que transformar\u00e1n tu hogar.","robots":{"index":"index","follow":"follow","max-snippet":"max-snippet:-1","max-image-preview":"max-image-preview:large","max-video-preview":"max-video-preview:-1"},"canonical":"https:\/\/totreforma.cat\/es\/tendencias-en-interiorismo-2025\/","og_locale":"es_ES","og_type":"article","og_title":"Tendencias en interiorismo 2025 - Tot Reforma","og_description":"Tendencias en interiorismo 2025 - Tot Reforma Tendencias en interiorismo 2025. Colores, materiales y estilos que transformar\u00e1n tu hogar.","og_url":"https:\/\/totreforma.cat\/es\/tendencias-en-interiorismo-2025\/","og_site_name":"Tot Reforma","article_published_time":"2025-09-14T17:59:15+00:00","og_image":[{"width":1024,"height":683,"url":"https:\/\/totreforma.cat\/wp-content\/uploads\/2025\/09\/ChatGPT-Image-14-sept-2025-19_58_30-1024x683.png","type":"image\/png"}],"author":"Tot Reforma","twitter_card":"summary_large_image","twitter_misc":{"Escrito por":"Tot Reforma","Tiempo de lectura":"3 minutos"},"schema":{"@context":"https:\/\/schema.org","@graph":[{"@type":"WebPage","@id":"https:\/\/totreforma.cat\/es\/tendencias-en-interiorismo-2025\/","url":"https:\/\/totreforma.cat\/es\/tendencias-en-interiorismo-2025\/","name":"Tendencias en interiorismo 2025 - Tot Reforma","isPartOf":{"@id":"https:\/\/totreforma.cat\/#website"},"primaryImageOfPage":{"@id":"https:\/\/totreforma.cat\/es\/tendencias-en-interiorismo-2025\/#primaryimage"},"image":{"@id":"https:\/\/totreforma.cat\/es\/tendencias-en-interiorismo-2025\/#primaryimage"},"thumbnailUrl":"https:\/\/totreforma.cat\/wp-content\/uploads\/2025\/09\/ChatGPT-Image-14-sept-2025-19_58_30.png","datePublished":"2025-09-14T17:59:15+00:00","author":{"@id":"https:\/\/totreforma.cat\/#\/schema\/person\/33c439a64a923575f902cae36e275f90"},"description":"Tendencias en interiorismo 2025 - Tot Reforma Tendencias en interiorismo 2025. Colores, materiales y estilos que transformar\u00e1n tu hogar.","breadcrumb":{"@id":"https:\/\/totreforma.cat\/es\/tendencias-en-interiorismo-2025\/#breadcrumb"},"inLanguage":"es","potentialAction":[{"@type":"ReadAction","target":["https:\/\/totreforma.cat\/es\/tendencias-en-interiorismo-2025\/"]}]},{"@type":"ImageObject","inLanguage":"es","@id":"https:\/\/totreforma.cat\/es\/tendencias-en-interiorismo-2025\/#primaryimage","url":"https:\/\/totreforma.cat\/wp-content\/uploads\/2025\/09\/ChatGPT-Image-14-sept-2025-19_58_30.png","contentUrl":"https:\/\/totreforma.cat\/wp-content\/uploads\/2025\/09\/ChatGPT-Image-14-sept-2025-19_58_30.png","width":1536,"height":1024},{"@type":"BreadcrumbList","@id":"https:\/\/totreforma.cat\/es\/tendencias-en-interiorismo-2025\/#breadcrumb","itemListElement":[{"@type":"ListItem","position":1,"name":"Portada","item":"https:\/\/totreforma.cat\/es\/"},{"@type":"ListItem","position":2,"name":"Tendencias en interiorismo 2025"}]},{"@type":"WebSite","@id":"https:\/\/totreforma.cat\/#website","url":"https:\/\/totreforma.cat\/","name":"Tot Reforma","description":"Reformes de la llar Esparreguera","potentialAction":[{"@type":"SearchAction","target":{"@type":"EntryPoint","urlTemplate":"https:\/\/totreforma.cat\/?s={search_term_string}"},"query-input":{"@type":"PropertyValueSpecification","valueRequired":true,"valueName":"search_term_string"}}],"inLanguage":"es"},{"@type":"Person","@id":"https:\/\/totreforma.cat\/#\/schema\/person\/33c439a64a923575f902cae36e275f90","name":"Tot Reforma"}]}},"_links":{"self":[{"href":"https:\/\/totreforma.cat\/es\/wp-json\/wp\/v2\/posts\/5062","targetHints":{"allow":["GET"]}}],"collection":[{"href":"https:\/\/totreforma.cat\/es\/wp-json\/wp\/v2\/posts"}],"about":[{"href":"https:\/\/totreforma.cat\/es\/wp-json\/wp\/v2\/types\/post"}],"author":[{"embeddable":true,"href":"https:\/\/totreforma.cat\/es\/wp-json\/wp\/v2\/users\/6"}],"replies":[{"embeddable":true,"href":"https:\/\/totreforma.cat\/es\/wp-json\/wp\/v2\/comments?post=5062"}],"version-history":[{"count":1,"href":"https:\/\/totreforma.cat\/es\/wp-json\/wp\/v2\/posts\/5062\/revisions"}],"predecessor-version":[{"id":5065,"href":"https:\/\/totreforma.cat\/es\/wp-json\/wp\/v2\/posts\/5062\/revisions\/5065"}],"wp:featuredmedia":[{"embeddable":true,"href":"https:\/\/totreforma.cat\/es\/wp-json\/wp\/v2\/media\/5063"}],"wp:attachment":[{"href":"https:\/\/totreforma.cat\/es\/wp-json\/wp\/v2\/media?parent=5062"}],"wp:term":[{"taxonomy":"category","embeddable":true,"href":"https:\/\/totreforma.cat\/es\/wp-json\/wp\/v2\/categories?post=5062"},{"taxonomy":"post_tag","embeddable":true,"href":"https:\/\/totreforma.cat\/es\/wp-json\/wp\/v2\/tags?post=5062"}],"curies":[{"name":"wp","href":"https:\/\/api.w.org\/{rel}","templated":true}]}}